{"id":12285,"date":"2026-09-01T08:00:42","date_gmt":"2026-09-01T11:00:42","guid":{"rendered":"https:\/\/bolsacer.org.ar\/site\/?p=12285"},"modified":"2026-08-31T12:12:32","modified_gmt":"2026-08-31T15:12:32","slug":"bolsacer-implementa-nueva-modalidad-de-acceso-a-la-informacion","status":"publish","type":"post","link":"https:\/\/www.bolsacer.org.ar\/site\/bolsacer-implementa-nueva-modalidad-de-acceso-a-la-informacion\/","title":{"rendered":"BolsaCER implementa nueva modalidad de acceso a la informaci\u00f3n"},"content":{"rendered":"<p>La Bolsa de Cereales de Entre R\u00edos comunica que, a partir del 1\u00b0 de septiembre, la informaci\u00f3n generada por el Sistema de Informaci\u00f3n de la Bolsa de Cereales de Entre R\u00edos (SIBER) y la Red de Centrales Autom\u00e1ticas <strong>dejar\u00e1 de estar disponible bajo la modalidad de acceso p\u00fablico, libre y gratuito.<\/strong><\/p>\n<p>A partir de una nueva modalidad de prestaci\u00f3n de los servicios institucionales, los socios de la BolsaCER y los colaboradores activos del SIBER continuar\u00e1n accediendo a los informes y datos generados por ambos sistemas, en reconocimiento al aporte que realizan y como parte de los servicios que brinda la instituci\u00f3n.<\/p>\n<p>Durante m\u00e1s de 25 a\u00f1os, el SIBER y la Red de Centrales Autom\u00e1ticas han generado informaci\u00f3n objetiva y sistematizada sobre la realidad productiva y agroclim\u00e1tica de Entre R\u00edos, constituy\u00e9ndose en herramientas de referencia para el sector.<\/p>\n<p>\u201cGenerar, sistematizar y poner a disposici\u00f3n datos confiables sobre la realidad agropecuaria de Entre R\u00edos forma parte de la funci\u00f3n institucional de nuestra Bolsa y del trabajo que desarrollamos junto a socios y colaboradores\u201d, destac\u00f3 el presidente de la BolsaCER, CPN Diego Camu\u00f1as.<\/p>\n<p>&nbsp;<\/p>\n<p><strong>Nueva modalidad de acceso<\/strong><\/p>\n<p>Actualmente se encuentra en desarrollo un nuevo sistema de acceso mediante usuario y contrase\u00f1a. Hasta su implementaci\u00f3n, los informes ser\u00e1n enviados a pedido de socios y colaboradores registrados.<\/p>\n<p>Para garantizar el correcto env\u00edo de la informaci\u00f3n y las comunicaciones institucionales, la BolsaCER solicita a socios y colaboradores completar el formulario de actualizaci\u00f3n de datos y verificar la informaci\u00f3n de contacto y las personas autorizadas a recibir los informes.<\/p>\n","protected":false},"excerpt":{"rendered":"<p>La Bolsa de Cereales de Entre R\u00edos comunica que, a partir del 1\u00b0 de septiembre, la informaci\u00f3n generada por el&#8230;<\/p>\n","protected":false},"author":9,"featured_media":593,"comment_status":"open","ping_status":"open","sticky":false,"template":"","format":"standard","meta":{"_acf_changed":false,"footnotes":""},"categories":[19],"tags":[],"class_list":["post-12285","post","type-post","status-publish","format-standard","has-post-thumbnail","hentry","category-actualidad-institucional"],"acf":[],"yoast_head":"<!-- This site is optimized with the Yoast SEO plugin v24.8.1 - https:\/\/yoast.com\/wordpress\/plugins\/seo\/ -->\n<title>BolsaCER implementa nueva modalidad de acceso a la informaci\u00f3n - .: BOLSA DE CEREALES DE ENTRE RIOS :.<\/title>\n<meta name=\"robots\" content=\"index, follow, max-snippet:-1, max-image-preview:large, max-video-preview:-1\" \/>\n<link rel=\"canonical\" href=\"https:\/\/ftp.bolsacer.org.ar\/site\/bolsacer-implementa-nueva-modalidad-de-acceso-a-la-informacion\/\" \/>\n<meta property=\"og:locale\" content=\"es_ES\" \/>\n<meta property=\"og:type\" content=\"article\" \/>\n<meta property=\"og:title\" content=\"BolsaCER implementa nueva modalidad de acceso a la informaci\u00f3n - .: BOLSA DE CEREALES DE ENTRE RIOS :.\" \/>\n<meta property=\"og:description\" content=\"La Bolsa de Cereales de Entre R\u00edos comunica que, a partir del 1\u00b0 de septiembre, la informaci\u00f3n generada por el...\" \/>\n<meta property=\"og:url\" content=\"https:\/\/ftp.bolsacer.org.ar\/site\/bolsacer-implementa-nueva-modalidad-de-acceso-a-la-informacion\/\" \/>\n<meta property=\"og:site_name\" content=\".: BOLSA DE CEREALES DE ENTRE RIOS :.\" \/>\n<meta property=\"article:published_time\" content=\"2026-09-01T11:00:42+00:00\" \/>\n<meta property=\"og:image\" content=\"https:\/\/ftp.bolsacer.org.ar\/site\/wp-content\/uploads\/2023\/11\/bolsa-de-cereales-2023-88-1.jpg\" \/>\n\t<meta property=\"og:image:width\" content=\"1650\" \/>\n\t<meta property=\"og:image:height\" content=\"1100\" \/>\n\t<meta property=\"og:image:type\" content=\"image\/jpeg\" \/>\n<meta name=\"author\" content=\"Aldana Riffel\" \/>\n<meta name=\"twitter:card\" content=\"summary_large_image\" \/>\n<meta name=\"twitter:label1\" content=\"Escrito por\" \/>\n\t<meta name=\"twitter:data1\" content=\"Aldana Riffel\" \/>\n\t<meta name=\"twitter:label2\" content=\"Tiempo de lectura\" \/>\n\t<meta name=\"twitter:data2\" content=\"2 minutos\" \/>\n<script type=\"application\/ld+json\" class=\"yoast-schema-graph\">{\"@context\":\"https:\/\/schema.org\",\"@graph\":[{\"@type\":\"WebPage\",\"@id\":\"https:\/\/ftp.bolsacer.org.ar\/site\/bolsacer-implementa-nueva-modalidad-de-acceso-a-la-informacion\/\",\"url\":\"https:\/\/ftp.bolsacer.org.ar\/site\/bolsacer-implementa-nueva-modalidad-de-acceso-a-la-informacion\/\",\"name\":\"BolsaCER implementa nueva modalidad de acceso a la informaci\u00f3n - .: BOLSA DE CEREALES DE ENTRE RIOS :.\",\"isPartOf\":{\"@id\":\"https:\/\/bolsacer.org.ar\/site\/#website\"},\"primaryImageOfPage\":{\"@id\":\"https:\/\/ftp.bolsacer.org.ar\/site\/bolsacer-implementa-nueva-modalidad-de-acceso-a-la-informacion\/#primaryimage\"},\"image\":{\"@id\":\"https:\/\/ftp.bolsacer.org.ar\/site\/bolsacer-implementa-nueva-modalidad-de-acceso-a-la-informacion\/#primaryimage\"},\"thumbnailUrl\":\"https:\/\/www.bolsacer.org.ar\/site\/wp-content\/uploads\/2023\/11\/bolsa-de-cereales-2023-88-1.jpg\",\"datePublished\":\"2026-09-01T11:00:42+00:00\",\"author\":{\"@id\":\"https:\/\/bolsacer.org.ar\/site\/#\/schema\/person\/cdd277007b38ff30e481eea4234adf7b\"},\"breadcrumb\":{\"@id\":\"https:\/\/ftp.bolsacer.org.ar\/site\/bolsacer-implementa-nueva-modalidad-de-acceso-a-la-informacion\/#breadcrumb\"},\"inLanguage\":\"es\",\"potentialAction\":[{\"@type\":\"ReadAction\",\"target\":[\"https:\/\/ftp.bolsacer.org.ar\/site\/bolsacer-implementa-nueva-modalidad-de-acceso-a-la-informacion\/\"]}]},{\"@type\":\"ImageObject\",\"inLanguage\":\"es\",\"@id\":\"https:\/\/ftp.bolsacer.org.ar\/site\/bolsacer-implementa-nueva-modalidad-de-acceso-a-la-informacion\/#primaryimage\",\"url\":\"https:\/\/www.bolsacer.org.ar\/site\/wp-content\/uploads\/2023\/11\/bolsa-de-cereales-2023-88-1.jpg\",\"contentUrl\":\"https:\/\/www.bolsacer.org.ar\/site\/wp-content\/uploads\/2023\/11\/bolsa-de-cereales-2023-88-1.jpg\",\"width\":1650,\"height\":1100},{\"@type\":\"BreadcrumbList\",\"@id\":\"https:\/\/ftp.bolsacer.org.ar\/site\/bolsacer-implementa-nueva-modalidad-de-acceso-a-la-informacion\/#breadcrumb\",\"itemListElement\":[{\"@type\":\"ListItem\",\"position\":1,\"name\":\"Portada\",\"item\":\"https:\/\/bolsacer.org.ar\/site\/\"},{\"@type\":\"ListItem\",\"position\":2,\"name\":\"BolsaCER implementa nueva modalidad de acceso a la informaci\u00f3n\"}]},{\"@type\":\"WebSite\",\"@id\":\"https:\/\/bolsacer.org.ar\/site\/#website\",\"url\":\"https:\/\/bolsacer.org.ar\/site\/\",\"name\":\"BOLSA DE CEREALES DE ENTRE RIOS\",\"description\":\"\",\"potentialAction\":[{\"@type\":\"SearchAction\",\"target\":{\"@type\":\"EntryPoint\",\"urlTemplate\":\"https:\/\/bolsacer.org.ar\/site\/?s={search_term_string}\"},\"query-input\":{\"@type\":\"PropertyValueSpecification\",\"valueRequired\":true,\"valueName\":\"search_term_string\"}}],\"inLanguage\":\"es\"},{\"@type\":\"Person\",\"@id\":\"https:\/\/bolsacer.org.ar\/site\/#\/schema\/person\/cdd277007b38ff30e481eea4234adf7b\",\"name\":\"Aldana Riffel\",\"image\":{\"@type\":\"ImageObject\",\"inLanguage\":\"es\",\"@id\":\"https:\/\/bolsacer.org.ar\/site\/#\/schema\/person\/image\/\",\"url\":\"https:\/\/secure.gravatar.com\/avatar\/0246b7305b470e17cb279d91131e3422?s=96&d=mm&r=g\",\"contentUrl\":\"https:\/\/secure.gravatar.com\/avatar\/0246b7305b470e17cb279d91131e3422?s=96&d=mm&r=g\",\"caption\":\"Aldana Riffel\"},\"url\":\"https:\/\/www.bolsacer.org.ar\/site\/author\/ariffel\/\"}]}<\/script>\n<!-- \/ Yoast SEO plugin. -->","yoast_head_json":{"title":"BolsaCER implementa nueva modalidad de acceso a la informaci\u00f3n - .: BOLSA DE CEREALES DE ENTRE RIOS :.","robots":{"index":"index","follow":"follow","max-snippet":"max-snippet:-1","max-image-preview":"max-image-preview:large","max-video-preview":"max-video-preview:-1"},"canonical":"https:\/\/ftp.bolsacer.org.ar\/site\/bolsacer-implementa-nueva-modalidad-de-acceso-a-la-informacion\/","og_locale":"es_ES","og_type":"article","og_title":"BolsaCER implementa nueva modalidad de acceso a la informaci\u00f3n - .: BOLSA DE CEREALES DE ENTRE RIOS :.","og_description":"La Bolsa de Cereales de Entre R\u00edos comunica que, a partir del 1\u00b0 de septiembre, la informaci\u00f3n generada por el...","og_url":"https:\/\/ftp.bolsacer.org.ar\/site\/bolsacer-implementa-nueva-modalidad-de-acceso-a-la-informacion\/","og_site_name":".: BOLSA DE CEREALES DE ENTRE RIOS :.","article_published_time":"2026-09-01T11:00:42+00:00","og_image":[{"width":1650,"height":1100,"url":"https:\/\/ftp.bolsacer.org.ar\/site\/wp-content\/uploads\/2023\/11\/bolsa-de-cereales-2023-88-1.jpg","type":"image\/jpeg"}],"author":"Aldana Riffel","twitter_card":"summary_large_image","twitter_misc":{"Escrito por":"Aldana Riffel","Tiempo de lectura":"2 minutos"},"schema":{"@context":"https:\/\/schema.org","@graph":[{"@type":"WebPage","@id":"https:\/\/ftp.bolsacer.org.ar\/site\/bolsacer-implementa-nueva-modalidad-de-acceso-a-la-informacion\/","url":"https:\/\/ftp.bolsacer.org.ar\/site\/bolsacer-implementa-nueva-modalidad-de-acceso-a-la-informacion\/","name":"BolsaCER implementa nueva modalidad de acceso a la informaci\u00f3n - .: BOLSA DE CEREALES DE ENTRE RIOS :.","isPartOf":{"@id":"https:\/\/bolsacer.org.ar\/site\/#website"},"primaryImageOfPage":{"@id":"https:\/\/ftp.bolsacer.org.ar\/site\/bolsacer-implementa-nueva-modalidad-de-acceso-a-la-informacion\/#primaryimage"},"image":{"@id":"https:\/\/ftp.bolsacer.org.ar\/site\/bolsacer-implementa-nueva-modalidad-de-acceso-a-la-informacion\/#primaryimage"},"thumbnailUrl":"https:\/\/www.bolsacer.org.ar\/site\/wp-content\/uploads\/2023\/11\/bolsa-de-cereales-2023-88-1.jpg","datePublished":"2026-09-01T11:00:42+00:00","author":{"@id":"https:\/\/bolsacer.org.ar\/site\/#\/schema\/person\/cdd277007b38ff30e481eea4234adf7b"},"breadcrumb":{"@id":"https:\/\/ftp.bolsacer.org.ar\/site\/bolsacer-implementa-nueva-modalidad-de-acceso-a-la-informacion\/#breadcrumb"},"inLanguage":"es","potentialAction":[{"@type":"ReadAction","target":["https:\/\/ftp.bolsacer.org.ar\/site\/bolsacer-implementa-nueva-modalidad-de-acceso-a-la-informacion\/"]}]},{"@type":"ImageObject","inLanguage":"es","@id":"https:\/\/ftp.bolsacer.org.ar\/site\/bolsacer-implementa-nueva-modalidad-de-acceso-a-la-informacion\/#primaryimage","url":"https:\/\/www.bolsacer.org.ar\/site\/wp-content\/uploads\/2023\/11\/bolsa-de-cereales-2023-88-1.jpg","contentUrl":"https:\/\/www.bolsacer.org.ar\/site\/wp-content\/uploads\/2023\/11\/bolsa-de-cereales-2023-88-1.jpg","width":1650,"height":1100},{"@type":"BreadcrumbList","@id":"https:\/\/ftp.bolsacer.org.ar\/site\/bolsacer-implementa-nueva-modalidad-de-acceso-a-la-informacion\/#breadcrumb","itemListElement":[{"@type":"ListItem","position":1,"name":"Portada","item":"https:\/\/bolsacer.org.ar\/site\/"},{"@type":"ListItem","position":2,"name":"BolsaCER implementa nueva modalidad de acceso a la informaci\u00f3n"}]},{"@type":"WebSite","@id":"https:\/\/bolsacer.org.ar\/site\/#website","url":"https:\/\/bolsacer.org.ar\/site\/","name":"BOLSA DE CEREALES DE ENTRE RIOS","description":"","potentialAction":[{"@type":"SearchAction","target":{"@type":"EntryPoint","urlTemplate":"https:\/\/bolsacer.org.ar\/site\/?s={search_term_string}"},"query-input":{"@type":"PropertyValueSpecification","valueRequired":true,"valueName":"search_term_string"}}],"inLanguage":"es"},{"@type":"Person","@id":"https:\/\/bolsacer.org.ar\/site\/#\/schema\/person\/cdd277007b38ff30e481eea4234adf7b","name":"Aldana Riffel","image":{"@type":"ImageObject","inLanguage":"es","@id":"https:\/\/bolsacer.org.ar\/site\/#\/schema\/person\/image\/","url":"https:\/\/secure.gravatar.com\/avatar\/0246b7305b470e17cb279d91131e3422?s=96&d=mm&r=g","contentUrl":"https:\/\/secure.gravatar.com\/avatar\/0246b7305b470e17cb279d91131e3422?s=96&d=mm&r=g","caption":"Aldana Riffel"},"url":"https:\/\/www.bolsacer.org.ar\/site\/author\/ariffel\/"}]}},"_links":{"self":[{"href":"https:\/\/www.bolsacer.org.ar\/site\/wp-json\/wp\/v2\/posts\/12285","targetHints":{"allow":["GET"]}}],"collection":[{"href":"https:\/\/www.bolsacer.org.ar\/site\/wp-json\/wp\/v2\/posts"}],"about":[{"href":"https:\/\/www.bolsacer.org.ar\/site\/wp-json\/wp\/v2\/types\/post"}],"author":[{"embeddable":true,"href":"https:\/\/www.bolsacer.org.ar\/site\/wp-json\/wp\/v2\/users\/9"}],"replies":[{"embeddable":true,"href":"https:\/\/www.bolsacer.org.ar\/site\/wp-json\/wp\/v2\/comments?post=12285"}],"version-history":[{"count":1,"href":"https:\/\/www.bolsacer.org.ar\/site\/wp-json\/wp\/v2\/posts\/12285\/revisions"}],"predecessor-version":[{"id":12286,"href":"https:\/\/www.bolsacer.org.ar\/site\/wp-json\/wp\/v2\/posts\/12285\/revisions\/12286"}],"wp:featuredmedia":[{"embeddable":true,"href":"https:\/\/www.bolsacer.org.ar\/site\/wp-json\/wp\/v2\/media\/593"}],"wp:attachment":[{"href":"https:\/\/www.bolsacer.org.ar\/site\/wp-json\/wp\/v2\/media?parent=12285"}],"wp:term":[{"taxonomy":"category","embeddable":true,"href":"https:\/\/www.bolsacer.org.ar\/site\/wp-json\/wp\/v2\/categories?post=12285"},{"taxonomy":"post_tag","embeddable":true,"href":"https:\/\/www.bolsacer.org.ar\/site\/wp-json\/wp\/v2\/tags?post=12285"}],"curies":[{"name":"wp","href":"https:\/\/api.w.org\/{rel}","templated":true}]}}