{"id":11586,"date":"2026-04-27T10:59:47","date_gmt":"2026-04-27T13:59:47","guid":{"rendered":"https:\/\/bolsacer.org.ar\/site\/?p=11586"},"modified":"2026-04-27T11:01:21","modified_gmt":"2026-04-27T14:01:21","slug":"este-viernes-se-realizo-la-asamblea-general-ordinaria-de-la-bolsacer","status":"publish","type":"post","link":"https:\/\/www.bolsacer.org.ar\/site\/este-viernes-se-realizo-la-asamblea-general-ordinaria-de-la-bolsacer\/","title":{"rendered":"Este viernes, se realiz\u00f3 la Asamblea General Ordinaria de la BolsaCER"},"content":{"rendered":"<p>Con la presencia de socios, este viernes la Bolsa de Cereales de Entre R\u00edos llev\u00f3 adelante su Asamblea General Ordinaria, correspondiente al 46\u00ba ejercicio social cerrado el 31 de diciembre de 2025.<\/p>\n<p>Fue encabezada por el presidente, H\u00e9ctor Bolz\u00e1n, en la sede de la BolsaCER, quien destac\u00f3 en su memoria que el a\u00f1o 2025, en t\u00e9rminos productivos, posicion\u00f3 a Entre R\u00edos c\u00f3mo \u201cla segunda mejor cosecha de la que se tenga registro, solo superada por la campa\u00f1a 2023\/24. Por segundo a\u00f1o consecutivo, se superaron los 8 millones de toneladas entre los principales cultivos, implantados en m\u00e1s de 2,4 millones de hect\u00e1reas en el territorio provincial, constituyendo este hecho otro hito relevante para el sector\u201d.<\/p>\n<p>Tambi\u00e9n, Bolz\u00e1n inform\u00f3 que, ante la necesidad de informaci\u00f3n en torno a la problem\u00e1tica de la chicharrita vivida durante el ciclo anterior, se promovi\u00f3 ante la Mesa de Buenas Pr\u00e1cticas Agropecuarias de Entre R\u00edos la creaci\u00f3n de un laboratorio que permita estudiar, analizar y generar informaci\u00f3n, brindando adem\u00e1s respuestas \u00e1giles y precisas a los productores frente a esta problem\u00e1tica.<\/p>\n<p>El dirigente que finaliza su tercer mandato al frente de la Bolsa entrerriana, repaso algunas de las acciones impulsadas durante el ejercicio finalizado, tales como la Jornada que analiz\u00f3 los derechos de exportaci\u00f3n y el impacto de su eliminaci\u00f3n; remate del primero lote de girasol 2025\/26, entre otros.<\/p>\n<p>Para finalizar, Bolz\u00e1n agradeci\u00f3 a todos quienes hacen posible el funcionamiento diario de la Bolsa: a nuestros socios, al Consejo Directivo y al equipo de trabajo, por su compromiso, acompa\u00f1amiento y dedicaci\u00f3n a lo largo de este camino. \u201cHan sido ellos quienes, con su apoyo constante, han permitido sostener y fortalecer esta instituci\u00f3n durante estos tres a\u00f1os de gesti\u00f3n\u201d, dijo.<\/p>\n<p>\u201cAl finalizar mi mandato como Presidente de la Bolsa de Cereales de Entre R\u00edos, me dirijo a ustedes con la satisfacci\u00f3n del deber cumplido y una profunda gratitud. Este per\u00edodo ha estado marcado por desaf\u00edos constantes, en un contexto que exige respuestas permanentes, donde el trabajo conjunto ha sido clave para fortalecer la representatividad de nuestra instituci\u00f3n\u201d, se\u00f1al\u00f3 Bolz\u00e1n.<\/p>\n<p>&nbsp;<\/p>\n<p><img decoding=\"async\" class=\"aligncenter wp-image-11587\" src=\"https:\/\/bolsacer.org.ar\/site\/wp-content\/uploads\/2026\/04\/WhatsApp-Image-2026-04-27-at-10.20.45-AM-1.jpeg\" alt=\"\" width=\"807\" height=\"1076\" \/><\/p>\n","protected":false},"excerpt":{"rendered":"<p>Con la presencia de socios, este viernes la Bolsa de Cereales de Entre R\u00edos llev\u00f3 adelante su Asamblea General Ordinaria,&#8230;<\/p>\n","protected":false},"author":9,"featured_media":11588,"comment_status":"open","ping_status":"open","sticky":false,"template":"","format":"standard","meta":{"_acf_changed":false,"footnotes":""},"categories":[19,1],"tags":[],"class_list":["post-11586","post","type-post","status-publish","format-standard","has-post-thumbnail","hentry","category-actualidad-institucional","category-todas"],"acf":[],"yoast_head":"<!-- This site is optimized with the Yoast SEO plugin v24.8.1 - https:\/\/yoast.com\/wordpress\/plugins\/seo\/ -->\n<title>Este viernes, se realiz\u00f3 la Asamblea General Ordinaria de la BolsaCER - .: BOLSA DE CEREALES DE ENTRE RIOS :.<\/title>\n<meta name=\"robots\" content=\"index, follow, max-snippet:-1, max-image-preview:large, max-video-preview:-1\" \/>\n<link rel=\"canonical\" href=\"https:\/\/bolsacer.org.ar\/site\/este-viernes-se-realizo-la-asamblea-general-ordinaria-de-la-bolsacer\/\" \/>\n<meta property=\"og:locale\" content=\"es_ES\" \/>\n<meta property=\"og:type\" content=\"article\" \/>\n<meta property=\"og:title\" content=\"Este viernes, se realiz\u00f3 la Asamblea General Ordinaria de la BolsaCER - .: BOLSA DE CEREALES DE ENTRE RIOS :.\" \/>\n<meta property=\"og:description\" content=\"Con la presencia de socios, este viernes la Bolsa de Cereales de Entre R\u00edos llev\u00f3 adelante su Asamblea General Ordinaria,...\" \/>\n<meta property=\"og:url\" content=\"https:\/\/bolsacer.org.ar\/site\/este-viernes-se-realizo-la-asamblea-general-ordinaria-de-la-bolsacer\/\" \/>\n<meta property=\"og:site_name\" content=\".: BOLSA DE CEREALES DE ENTRE RIOS :.\" \/>\n<meta property=\"article:published_time\" content=\"2026-04-27T13:59:47+00:00\" \/>\n<meta property=\"article:modified_time\" content=\"2026-04-27T14:01:21+00:00\" \/>\n<meta property=\"og:image\" content=\"https:\/\/bolsacer.org.ar\/site\/wp-content\/uploads\/2026\/04\/WhatsApp-Image-2026-04-27-at-10.20.45-AM-e1777298453979.jpeg\" \/>\n\t<meta property=\"og:image:width\" content=\"954\" \/>\n\t<meta property=\"og:image:height\" content=\"823\" \/>\n\t<meta property=\"og:image:type\" content=\"image\/jpeg\" \/>\n<meta name=\"author\" content=\"Aldana Riffel\" \/>\n<meta name=\"twitter:card\" content=\"summary_large_image\" \/>\n<meta name=\"twitter:label1\" content=\"Escrito por\" \/>\n\t<meta name=\"twitter:data1\" content=\"Aldana Riffel\" \/>\n\t<meta name=\"twitter:label2\" content=\"Tiempo de lectura\" \/>\n\t<meta name=\"twitter:data2\" content=\"2 minutos\" \/>\n<script type=\"application\/ld+json\" class=\"yoast-schema-graph\">{\"@context\":\"https:\/\/schema.org\",\"@graph\":[{\"@type\":\"WebPage\",\"@id\":\"https:\/\/bolsacer.org.ar\/site\/este-viernes-se-realizo-la-asamblea-general-ordinaria-de-la-bolsacer\/\",\"url\":\"https:\/\/bolsacer.org.ar\/site\/este-viernes-se-realizo-la-asamblea-general-ordinaria-de-la-bolsacer\/\",\"name\":\"Este viernes, se realiz\u00f3 la Asamblea General Ordinaria de la BolsaCER - .: BOLSA DE CEREALES DE ENTRE RIOS :.\",\"isPartOf\":{\"@id\":\"https:\/\/mail.bolsacer.org.ar\/site\/#website\"},\"primaryImageOfPage\":{\"@id\":\"https:\/\/bolsacer.org.ar\/site\/este-viernes-se-realizo-la-asamblea-general-ordinaria-de-la-bolsacer\/#primaryimage\"},\"image\":{\"@id\":\"https:\/\/bolsacer.org.ar\/site\/este-viernes-se-realizo-la-asamblea-general-ordinaria-de-la-bolsacer\/#primaryimage\"},\"thumbnailUrl\":\"https:\/\/www.bolsacer.org.ar\/site\/wp-content\/uploads\/2026\/04\/WhatsApp-Image-2026-04-27-at-10.20.45-AM-e1777298453979.jpeg\",\"datePublished\":\"2026-04-27T13:59:47+00:00\",\"dateModified\":\"2026-04-27T14:01:21+00:00\",\"author\":{\"@id\":\"https:\/\/mail.bolsacer.org.ar\/site\/#\/schema\/person\/cdd277007b38ff30e481eea4234adf7b\"},\"breadcrumb\":{\"@id\":\"https:\/\/bolsacer.org.ar\/site\/este-viernes-se-realizo-la-asamblea-general-ordinaria-de-la-bolsacer\/#breadcrumb\"},\"inLanguage\":\"es\",\"potentialAction\":[{\"@type\":\"ReadAction\",\"target\":[\"https:\/\/bolsacer.org.ar\/site\/este-viernes-se-realizo-la-asamblea-general-ordinaria-de-la-bolsacer\/\"]}]},{\"@type\":\"ImageObject\",\"inLanguage\":\"es\",\"@id\":\"https:\/\/bolsacer.org.ar\/site\/este-viernes-se-realizo-la-asamblea-general-ordinaria-de-la-bolsacer\/#primaryimage\",\"url\":\"https:\/\/www.bolsacer.org.ar\/site\/wp-content\/uploads\/2026\/04\/WhatsApp-Image-2026-04-27-at-10.20.45-AM-e1777298453979.jpeg\",\"contentUrl\":\"https:\/\/www.bolsacer.org.ar\/site\/wp-content\/uploads\/2026\/04\/WhatsApp-Image-2026-04-27-at-10.20.45-AM-e1777298453979.jpeg\",\"width\":954,\"height\":823},{\"@type\":\"BreadcrumbList\",\"@id\":\"https:\/\/bolsacer.org.ar\/site\/este-viernes-se-realizo-la-asamblea-general-ordinaria-de-la-bolsacer\/#breadcrumb\",\"itemListElement\":[{\"@type\":\"ListItem\",\"position\":1,\"name\":\"Portada\",\"item\":\"https:\/\/mail.bolsacer.org.ar\/site\/\"},{\"@type\":\"ListItem\",\"position\":2,\"name\":\"Este viernes, se realiz\u00f3 la Asamblea General Ordinaria de la BolsaCER\"}]},{\"@type\":\"WebSite\",\"@id\":\"https:\/\/mail.bolsacer.org.ar\/site\/#website\",\"url\":\"https:\/\/mail.bolsacer.org.ar\/site\/\",\"name\":\"BOLSA DE CEREALES DE ENTRE RIOS\",\"description\":\"\",\"potentialAction\":[{\"@type\":\"SearchAction\",\"target\":{\"@type\":\"EntryPoint\",\"urlTemplate\":\"https:\/\/mail.bolsacer.org.ar\/site\/?s={search_term_string}\"},\"query-input\":{\"@type\":\"PropertyValueSpecification\",\"valueRequired\":true,\"valueName\":\"search_term_string\"}}],\"inLanguage\":\"es\"},{\"@type\":\"Person\",\"@id\":\"https:\/\/mail.bolsacer.org.ar\/site\/#\/schema\/person\/cdd277007b38ff30e481eea4234adf7b\",\"name\":\"Aldana Riffel\",\"image\":{\"@type\":\"ImageObject\",\"inLanguage\":\"es\",\"@id\":\"https:\/\/mail.bolsacer.org.ar\/site\/#\/schema\/person\/image\/\",\"url\":\"https:\/\/secure.gravatar.com\/avatar\/0246b7305b470e17cb279d91131e3422?s=96&d=mm&r=g\",\"contentUrl\":\"https:\/\/secure.gravatar.com\/avatar\/0246b7305b470e17cb279d91131e3422?s=96&d=mm&r=g\",\"caption\":\"Aldana Riffel\"},\"url\":\"https:\/\/www.bolsacer.org.ar\/site\/author\/ariffel\/\"}]}<\/script>\n<!-- \/ Yoast SEO plugin. -->","yoast_head_json":{"title":"Este viernes, se realiz\u00f3 la Asamblea General Ordinaria de la BolsaCER - .: BOLSA DE CEREALES DE ENTRE RIOS :.","robots":{"index":"index","follow":"follow","max-snippet":"max-snippet:-1","max-image-preview":"max-image-preview:large","max-video-preview":"max-video-preview:-1"},"canonical":"https:\/\/bolsacer.org.ar\/site\/este-viernes-se-realizo-la-asamblea-general-ordinaria-de-la-bolsacer\/","og_locale":"es_ES","og_type":"article","og_title":"Este viernes, se realiz\u00f3 la Asamblea General Ordinaria de la BolsaCER - .: BOLSA DE CEREALES DE ENTRE RIOS :.","og_description":"Con la presencia de socios, este viernes la Bolsa de Cereales de Entre R\u00edos llev\u00f3 adelante su Asamblea General Ordinaria,...","og_url":"https:\/\/bolsacer.org.ar\/site\/este-viernes-se-realizo-la-asamblea-general-ordinaria-de-la-bolsacer\/","og_site_name":".: BOLSA DE CEREALES DE ENTRE RIOS :.","article_published_time":"2026-04-27T13:59:47+00:00","article_modified_time":"2026-04-27T14:01:21+00:00","og_image":[{"width":954,"height":823,"url":"https:\/\/bolsacer.org.ar\/site\/wp-content\/uploads\/2026\/04\/WhatsApp-Image-2026-04-27-at-10.20.45-AM-e1777298453979.jpeg","type":"image\/jpeg"}],"author":"Aldana Riffel","twitter_card":"summary_large_image","twitter_misc":{"Escrito por":"Aldana Riffel","Tiempo de lectura":"2 minutos"},"schema":{"@context":"https:\/\/schema.org","@graph":[{"@type":"WebPage","@id":"https:\/\/bolsacer.org.ar\/site\/este-viernes-se-realizo-la-asamblea-general-ordinaria-de-la-bolsacer\/","url":"https:\/\/bolsacer.org.ar\/site\/este-viernes-se-realizo-la-asamblea-general-ordinaria-de-la-bolsacer\/","name":"Este viernes, se realiz\u00f3 la Asamblea General Ordinaria de la BolsaCER - .: BOLSA DE CEREALES DE ENTRE RIOS :.","isPartOf":{"@id":"https:\/\/mail.bolsacer.org.ar\/site\/#website"},"primaryImageOfPage":{"@id":"https:\/\/bolsacer.org.ar\/site\/este-viernes-se-realizo-la-asamblea-general-ordinaria-de-la-bolsacer\/#primaryimage"},"image":{"@id":"https:\/\/bolsacer.org.ar\/site\/este-viernes-se-realizo-la-asamblea-general-ordinaria-de-la-bolsacer\/#primaryimage"},"thumbnailUrl":"https:\/\/www.bolsacer.org.ar\/site\/wp-content\/uploads\/2026\/04\/WhatsApp-Image-2026-04-27-at-10.20.45-AM-e1777298453979.jpeg","datePublished":"2026-04-27T13:59:47+00:00","dateModified":"2026-04-27T14:01:21+00:00","author":{"@id":"https:\/\/mail.bolsacer.org.ar\/site\/#\/schema\/person\/cdd277007b38ff30e481eea4234adf7b"},"breadcrumb":{"@id":"https:\/\/bolsacer.org.ar\/site\/este-viernes-se-realizo-la-asamblea-general-ordinaria-de-la-bolsacer\/#breadcrumb"},"inLanguage":"es","potentialAction":[{"@type":"ReadAction","target":["https:\/\/bolsacer.org.ar\/site\/este-viernes-se-realizo-la-asamblea-general-ordinaria-de-la-bolsacer\/"]}]},{"@type":"ImageObject","inLanguage":"es","@id":"https:\/\/bolsacer.org.ar\/site\/este-viernes-se-realizo-la-asamblea-general-ordinaria-de-la-bolsacer\/#primaryimage","url":"https:\/\/www.bolsacer.org.ar\/site\/wp-content\/uploads\/2026\/04\/WhatsApp-Image-2026-04-27-at-10.20.45-AM-e1777298453979.jpeg","contentUrl":"https:\/\/www.bolsacer.org.ar\/site\/wp-content\/uploads\/2026\/04\/WhatsApp-Image-2026-04-27-at-10.20.45-AM-e1777298453979.jpeg","width":954,"height":823},{"@type":"BreadcrumbList","@id":"https:\/\/bolsacer.org.ar\/site\/este-viernes-se-realizo-la-asamblea-general-ordinaria-de-la-bolsacer\/#breadcrumb","itemListElement":[{"@type":"ListItem","position":1,"name":"Portada","item":"https:\/\/mail.bolsacer.org.ar\/site\/"},{"@type":"ListItem","position":2,"name":"Este viernes, se realiz\u00f3 la Asamblea General Ordinaria de la BolsaCER"}]},{"@type":"WebSite","@id":"https:\/\/mail.bolsacer.org.ar\/site\/#website","url":"https:\/\/mail.bolsacer.org.ar\/site\/","name":"BOLSA DE CEREALES DE ENTRE RIOS","description":"","potentialAction":[{"@type":"SearchAction","target":{"@type":"EntryPoint","urlTemplate":"https:\/\/mail.bolsacer.org.ar\/site\/?s={search_term_string}"},"query-input":{"@type":"PropertyValueSpecification","valueRequired":true,"valueName":"search_term_string"}}],"inLanguage":"es"},{"@type":"Person","@id":"https:\/\/mail.bolsacer.org.ar\/site\/#\/schema\/person\/cdd277007b38ff30e481eea4234adf7b","name":"Aldana Riffel","image":{"@type":"ImageObject","inLanguage":"es","@id":"https:\/\/mail.bolsacer.org.ar\/site\/#\/schema\/person\/image\/","url":"https:\/\/secure.gravatar.com\/avatar\/0246b7305b470e17cb279d91131e3422?s=96&d=mm&r=g","contentUrl":"https:\/\/secure.gravatar.com\/avatar\/0246b7305b470e17cb279d91131e3422?s=96&d=mm&r=g","caption":"Aldana Riffel"},"url":"https:\/\/www.bolsacer.org.ar\/site\/author\/ariffel\/"}]}},"_links":{"self":[{"href":"https:\/\/www.bolsacer.org.ar\/site\/wp-json\/wp\/v2\/posts\/11586","targetHints":{"allow":["GET"]}}],"collection":[{"href":"https:\/\/www.bolsacer.org.ar\/site\/wp-json\/wp\/v2\/posts"}],"about":[{"href":"https:\/\/www.bolsacer.org.ar\/site\/wp-json\/wp\/v2\/types\/post"}],"author":[{"embeddable":true,"href":"https:\/\/www.bolsacer.org.ar\/site\/wp-json\/wp\/v2\/users\/9"}],"replies":[{"embeddable":true,"href":"https:\/\/www.bolsacer.org.ar\/site\/wp-json\/wp\/v2\/comments?post=11586"}],"version-history":[{"count":1,"href":"https:\/\/www.bolsacer.org.ar\/site\/wp-json\/wp\/v2\/posts\/11586\/revisions"}],"predecessor-version":[{"id":11589,"href":"https:\/\/www.bolsacer.org.ar\/site\/wp-json\/wp\/v2\/posts\/11586\/revisions\/11589"}],"wp:featuredmedia":[{"embeddable":true,"href":"https:\/\/www.bolsacer.org.ar\/site\/wp-json\/wp\/v2\/media\/11588"}],"wp:attachment":[{"href":"https:\/\/www.bolsacer.org.ar\/site\/wp-json\/wp\/v2\/media?parent=11586"}],"wp:term":[{"taxonomy":"category","embeddable":true,"href":"https:\/\/www.bolsacer.org.ar\/site\/wp-json\/wp\/v2\/categories?post=11586"},{"taxonomy":"post_tag","embeddable":true,"href":"https:\/\/www.bolsacer.org.ar\/site\/wp-json\/wp\/v2\/tags?post=11586"}],"curies":[{"name":"wp","href":"https:\/\/api.w.org\/{rel}","templated":true}]}}